{"id":671,"date":"2026-03-14T15:14:12","date_gmt":"2026-03-14T20:14:12","guid":{"rendered":"http:\/\/icinola.fr\/?p=671"},"modified":"2026-03-14T15:14:12","modified_gmt":"2026-03-14T20:14:12","slug":"snapshots","status":"publish","type":"post","link":"https:\/\/icinola.fr\/index.php\/2026\/03\/14\/snapshots\/","title":{"rendered":"Snapshots"},"content":{"rendered":"\n<p>Chercher des souvenirs de 2018 m&rsquo;a replong\u00e9 dans les dossiers photo de cette ann\u00e9e et je suis retomb\u00e9 sur des images de ma visite du mus\u00e9e d&rsquo;Art Moderne de Paris \u00e0 l&rsquo;occasion de la nuit des mus\u00e9es.<\/p>\n\n\n\n<p>N&rsquo;avoir pas pris le cartel en photo m&rsquo;a forc\u00e9 8 ans plus tard \u00e0 quelques recherches pour identifier ces deux \u0153uvres qui m&rsquo;avaient marqu\u00e9es \u00e0 l&rsquo;\u00e9poque:<\/p>\n\n\n\n<ul><li>Une plaque en bronze de Jenny Holzer, issue de sa s\u00e9rie \u00ab\u00a0Living\u00a0\u00bb<\/li><li>Le tondo grav\u00e9 \u00ab\u00a0Phaeton\u00a0\u00bb de Hendrick Goltzius &#8211; d&rsquo;apr\u00e8s Cornelis van Haarlem &#8211; issu de la s\u00e9rie des <em>Quatre Disgraci\u00e9s<\/em><\/li><\/ul>\n\n\n\n<div class=\"wp-block-image\"><figure class=\"aligncenter size-full is-resized\"><img loading=\"lazy\" src=\"https:\/\/icinola.fr\/wp-content\/uploads\/2026\/03\/Holzer.jpg\" alt=\"\" class=\"wp-image-672\" width=\"520\" height=\"346\" srcset=\"https:\/\/icinola.fr\/wp-content\/uploads\/2026\/03\/Holzer.jpg 2076w, https:\/\/icinola.fr\/wp-content\/uploads\/2026\/03\/Holzer-300x200.jpg 300w, https:\/\/icinola.fr\/wp-content\/uploads\/2026\/03\/Holzer-1024x683.jpg 1024w, https:\/\/icinola.fr\/wp-content\/uploads\/2026\/03\/Holzer-768x512.jpg 768w, https:\/\/icinola.fr\/wp-content\/uploads\/2026\/03\/Holzer-1536x1024.jpg 1536w, https:\/\/icinola.fr\/wp-content\/uploads\/2026\/03\/Holzer-2048x1365.jpg 2048w, https:\/\/icinola.fr\/wp-content\/uploads\/2026\/03\/Holzer-1568x1045.jpg 1568w\" sizes=\"(max-width: 520px) 100vw, 520px\" \/><\/figure><\/div>\n\n\n\n<div class=\"wp-block-image\"><figure class=\"aligncenter size-large is-resized\"><img loading=\"lazy\" src=\"https:\/\/icinola.fr\/wp-content\/uploads\/2026\/03\/Phaeton-1024x1024.jpg\" alt=\"\" class=\"wp-image-673\" width=\"520\" height=\"520\" srcset=\"https:\/\/icinola.fr\/wp-content\/uploads\/2026\/03\/Phaeton-1024x1024.jpg 1024w, https:\/\/icinola.fr\/wp-content\/uploads\/2026\/03\/Phaeton-300x300.jpg 300w, https:\/\/icinola.fr\/wp-content\/uploads\/2026\/03\/Phaeton-150x150.jpg 150w, https:\/\/icinola.fr\/wp-content\/uploads\/2026\/03\/Phaeton-768x768.jpg 768w, https:\/\/icinola.fr\/wp-content\/uploads\/2026\/03\/Phaeton-1536x1536.jpg 1536w, https:\/\/icinola.fr\/wp-content\/uploads\/2026\/03\/Phaeton-2048x2048.jpg 2048w, https:\/\/icinola.fr\/wp-content\/uploads\/2026\/03\/Phaeton-1568x1568.jpg 1568w\" sizes=\"(max-width: 520px) 100vw, 520px\" \/><\/figure><\/div>\n","protected":false},"excerpt":{"rendered":"<p>Chercher des souvenirs de 2018 m&rsquo;a replong\u00e9 dans les dossiers photo de cette ann\u00e9e et je suis retomb\u00e9 sur des images de ma visite du mus\u00e9e d&rsquo;Art Moderne de Paris \u00e0 l&rsquo;occasion de la nuit des mus\u00e9es. N&rsquo;avoir pas pris le cartel en photo m&rsquo;a forc\u00e9 8 ans plus tard \u00e0 quelques recherches pour identifier [&hellip;]<\/p>\n","protected":false},"author":2,"featured_media":0,"comment_status":"open","ping_status":"open","sticky":false,"template":"","format":"standard","meta":{"spay_email":""},"categories":[1],"tags":[],"jetpack_featured_media_url":"","_links":{"self":[{"href":"https:\/\/icinola.fr\/index.php\/wp-json\/wp\/v2\/posts\/671"}],"collection":[{"href":"https:\/\/icinola.fr\/index.php\/wp-json\/wp\/v2\/posts"}],"about":[{"href":"https:\/\/icinola.fr\/index.php\/wp-json\/wp\/v2\/types\/post"}],"author":[{"embeddable":true,"href":"https:\/\/icinola.fr\/index.php\/wp-json\/wp\/v2\/users\/2"}],"replies":[{"embeddable":true,"href":"https:\/\/icinola.fr\/index.php\/wp-json\/wp\/v2\/comments?post=671"}],"version-history":[{"count":1,"href":"https:\/\/icinola.fr\/index.php\/wp-json\/wp\/v2\/posts\/671\/revisions"}],"predecessor-version":[{"id":674,"href":"https:\/\/icinola.fr\/index.php\/wp-json\/wp\/v2\/posts\/671\/revisions\/674"}],"wp:attachment":[{"href":"https:\/\/icinola.fr\/index.php\/wp-json\/wp\/v2\/media?parent=671"}],"wp:term":[{"taxonomy":"category","embeddable":true,"href":"https:\/\/icinola.fr\/index.php\/wp-json\/wp\/v2\/categories?post=671"},{"taxonomy":"post_tag","embeddable":true,"href":"https:\/\/icinola.fr\/index.php\/wp-json\/wp\/v2\/tags?post=671"}],"curies":[{"name":"wp","href":"https:\/\/api.w.org\/{rel}","templated":true}]}}