{"id":45,"date":"2020-09-06T19:54:21","date_gmt":"2020-09-06T17:54:21","guid":{"rendered":"http:\/\/icinola.fr\/?p=45"},"modified":"2020-09-19T07:08:16","modified_gmt":"2020-09-19T05:08:16","slug":"french-quarter","status":"publish","type":"post","link":"https:\/\/icinola.fr\/index.php\/2020\/09\/06\/french-quarter\/","title":{"rendered":"French Quarter"},"content":{"rendered":"\n<p>Le Quartier Fran\u00e7ais est le plus touristique et le plus gay de la Nouvelle Orl\u00e9ans. Il aurait d\u00fb \u00eatre ce week-end l&rsquo;\u00e9picentre d&rsquo;un festival suppos\u00e9 \u00eatre \u00ab\u00a0comme la gay-pride, en mieux\u00a0\u00bb mais il \u00e9tait bien vide lors de notre promenade hier.<\/p>\n\n\n\n<figure class=\"wp-block-image size-large\"><img loading=\"lazy\" width=\"1024\" height=\"768\" src=\"http:\/\/icinola.fr\/wp-content\/uploads\/2020\/09\/IMG_32881-1024x768.jpg\" alt=\"\" class=\"wp-image-46\" srcset=\"https:\/\/icinola.fr\/wp-content\/uploads\/2020\/09\/IMG_32881-1024x768.jpg 1024w, https:\/\/icinola.fr\/wp-content\/uploads\/2020\/09\/IMG_32881-300x225.jpg 300w, https:\/\/icinola.fr\/wp-content\/uploads\/2020\/09\/IMG_32881-768x576.jpg 768w, https:\/\/icinola.fr\/wp-content\/uploads\/2020\/09\/IMG_32881-1536x1152.jpg 1536w, https:\/\/icinola.fr\/wp-content\/uploads\/2020\/09\/IMG_32881-2048x1536.jpg 2048w, https:\/\/icinola.fr\/wp-content\/uploads\/2020\/09\/IMG_32881-1200x900.jpg 1200w\" sizes=\"(max-width: 1024px) 100vw, 1024px\" \/><\/figure>\n\n\n\n<p><em>\u00ab\u00a0The city is unusually quiet\u00a0\u00bb<\/em> a comment\u00e9 notre voisine Beth, qui faisait remarquer que beaucoup de locaux \u00e9taient en vadrouille, profitant d&rsquo;un week-end de 3 jours gr\u00e2ce au lundi f\u00e9ri\u00e9 de <em>Labor Day<\/em>, mais que la ville \u00e9tait quasi d\u00e9serte de touristes en raison de la fermeture des fronti\u00e8res et de l&rsquo;annulation de la plupart des \u00e9v\u00e9nements.<\/p>\n\n\n\n<p>On profite donc d&rsquo;un moment particulier, privil\u00e9gi\u00e9s de profiter d&rsquo;une ville exempte de visiteurs, mais d\u00e9pourvue de la vie qui l&rsquo;anime habituellement. Et pourtant, rue Bourbon, une femme laisse entendre sa voix soul soutenue par sa guitare et par un batteur discret. Plus loin sur la place \u00e0 c\u00f4t\u00e9 du march\u00e9 fran\u00e7ais, c&rsquo;est un groupe complet qui anime une terrasse de sonorit\u00e9s blues. On devine ce qu&rsquo;est l&rsquo;\u00e2me du quartier et on a h\u00e2te &#8211; autant que les locaux certainement &#8211; de le voir sortir de cette hibernation subie et reprendre peu \u00e0 peu vie.<\/p>\n","protected":false},"excerpt":{"rendered":"<p>Le Quartier Fran\u00e7ais est le plus touristique et le plus gay de la Nouvelle Orl\u00e9ans. Il aurait d\u00fb \u00eatre ce week-end l&rsquo;\u00e9picentre d&rsquo;un festival suppos\u00e9 \u00eatre \u00ab\u00a0comme la gay-pride, en mieux\u00a0\u00bb mais il \u00e9tait bien vide lors de notre promenade hier. \u00ab\u00a0The city is unusually quiet\u00a0\u00bb a comment\u00e9 notre voisine Beth, qui faisait remarquer que [&hellip;]<\/p>\n","protected":false},"author":2,"featured_media":0,"comment_status":"open","ping_status":"open","sticky":false,"template":"","format":"standard","meta":{"spay_email":""},"categories":[1],"tags":[],"jetpack_featured_media_url":"","_links":{"self":[{"href":"https:\/\/icinola.fr\/index.php\/wp-json\/wp\/v2\/posts\/45"}],"collection":[{"href":"https:\/\/icinola.fr\/index.php\/wp-json\/wp\/v2\/posts"}],"about":[{"href":"https:\/\/icinola.fr\/index.php\/wp-json\/wp\/v2\/types\/post"}],"author":[{"embeddable":true,"href":"https:\/\/icinola.fr\/index.php\/wp-json\/wp\/v2\/users\/2"}],"replies":[{"embeddable":true,"href":"https:\/\/icinola.fr\/index.php\/wp-json\/wp\/v2\/comments?post=45"}],"version-history":[{"count":3,"href":"https:\/\/icinola.fr\/index.php\/wp-json\/wp\/v2\/posts\/45\/revisions"}],"predecessor-version":[{"id":60,"href":"https:\/\/icinola.fr\/index.php\/wp-json\/wp\/v2\/posts\/45\/revisions\/60"}],"wp:attachment":[{"href":"https:\/\/icinola.fr\/index.php\/wp-json\/wp\/v2\/media?parent=45"}],"wp:term":[{"taxonomy":"category","embeddable":true,"href":"https:\/\/icinola.fr\/index.php\/wp-json\/wp\/v2\/categories?post=45"},{"taxonomy":"post_tag","embeddable":true,"href":"https:\/\/icinola.fr\/index.php\/wp-json\/wp\/v2\/tags?post=45"}],"curies":[{"name":"wp","href":"https:\/\/api.w.org\/{rel}","templated":true}]}}