{"id":390,"date":"2023-06-11T13:34:45","date_gmt":"2023-06-11T18:34:45","guid":{"rendered":"https:\/\/icinola.fr\/?p=390"},"modified":"2023-06-11T13:34:47","modified_gmt":"2023-06-11T18:34:47","slug":"pride","status":"publish","type":"post","link":"https:\/\/icinola.fr\/index.php\/2023\/06\/11\/pride\/","title":{"rendered":"Pride"},"content":{"rendered":"\n<p>L\u2019an dernier la gay pride avait un petit air de r\u00e9veillon: une occasion qui devrait \u00eatre festive mais qui manque parfois de spontan\u00e9it\u00e9 ou semble forc\u00e9e.<\/p>\n\n\n\n<p>A chaque fois que je quitte NOLA je me demande pourquoi j\u2019y habite. Et \u00e0 chaque fois que j\u2019y reviens je guette ces signes qui font que je me sens bien ici.<\/p>\n\n\n\n<p>J\u2019ai trouv\u00e9 Paris et Nantes belles, j\u2019ai travers\u00e9 la premi\u00e8re en Velib et explor\u00e9 la campagne de la seconde en bonne compagnie. Les vignobles et le relief m\u2019ont rappel\u00e9 l\u2019Alsace.<\/p>\n\n\n\n<p>A Nola j\u2019ai \u00e9t\u00e9 accueilli par l\u2019humidit\u00e9 lourde \u00e0 la sortie de l\u2019a\u00e9roport, sensation \u00e0 laquelle je suis maintenant attach\u00e9. La chauffeuse de taxi sud cor\u00e9enne n\u2019en finissait pas de dire \u00e0 quel point elle n\u2019aimait plus la Nouvelle Orleans, et cherchait \u00e0 comprendre pourquoi je me r\u00e9jouissais que mon Visa ait \u00e9t\u00e9 renouvel\u00e9 2 ans.<\/p>\n\n\n\n<p>Je suis rentr\u00e9 chez moi, me suis douch\u00e9, ai enfil\u00e9 mon costume de p\u00e9d\u00e9 st\u00e9r\u00e9otyp\u00e9 (short en jean, jockstrap, harnais et t-shirt en r\u00e9sille) et ai pris mon v\u00e9lo pour aller en ville voir la parade. En chemin je croise K, int\u00e9ress\u00e9 par le groupe de v\u00e9lo que j\u2019ai lanc\u00e9 le mardi mais que je n\u2019avais jamais rencontr\u00e9. Au moment de garer mon v\u00e9lo arrivent quelques amis qui se garent au meme endroit et m\u2019invitent \u00e0 les rejoindre sur un porche. Dans la parade j\u2019aper\u00e7ois quelques t\u00eates connues: B me prend en photo, A me lance un collier arc-en-ciel, M me fait bonjour de loin. D\u2019autres amis arrivent et tous vont manger, je file au Pub rejoindre un autre groupe, croise en chemin d\u2019autres t\u00eates connues.<\/p>\n\n\n\n<p>Un couple d\u00e9filait \u00e0 la parade en mari\u00e9s, l\u2019un en robe blanche et l\u2019autre en smoking, avec une pancarte esp\u00e9rant qu\u2019on ne leur retirerait pas leur \u201cI do\u201d. <\/p>\n\n\n\n<p>Hier j\u2019ai enfil\u00e9 un t-shirt par dessus ma tenue pour ne pas faire \u201ctrop gay\u201d, et ne l\u2019ai enlev\u00e9 qu\u2019une fois dans le Quarter. Certaines lois en cours de discussion nous menacent, et il y avait eu des rumeurs de contre manifestations, alors pour la premi\u00e8re fois depuis que je suis ici, je me suis un peu censur\u00e9, je l\u2019ai jou\u00e9 discret. <\/p>\n\n\n\n<p>Baptiste parle de moi a l\u2019\u00e9cole mais si la loi passe il se devra de re rentrer dans le placard au boulot, et je ne serai plus le bienvenu aux \u00e9v\u00e9nements organis\u00e9s par l\u2019\u00e9cole.<\/p>\n\n\n\n<p>Cette ann\u00e9e la pride \u00e9tait plus militante que d\u2019habitude, et j\u2019ai pris cette parade et ces rencontres comme un \u201cwelcome home\u201d, un de ces moments un peu magiques qui me font me sentir bien ici. J\u2019\u00e9tais si fatigu\u00e9 que j\u2019ai \u00e0 peine dans\u00e9 et ai \u00e9t\u00e9 tr\u00e8s sage. Je suis rentr\u00e9 t\u00f4t, ai fait quelques courses sur le chemin du retour, me suis douch\u00e9 \u00e0 nouveau et me suis couch\u00e9.<\/p>\n\n\n\n<p>Is home where Pride is? <\/p>\n","protected":false},"excerpt":{"rendered":"<p>L\u2019an dernier la gay pride avait un petit air de r\u00e9veillon: une occasion qui devrait \u00eatre festive mais qui manque parfois de spontan\u00e9it\u00e9 ou semble forc\u00e9e. A chaque fois que je quitte NOLA je me demande pourquoi j\u2019y habite. Et \u00e0 chaque fois que j\u2019y reviens je guette ces signes qui font que je me [&hellip;]<\/p>\n","protected":false},"author":2,"featured_media":0,"comment_status":"open","ping_status":"open","sticky":false,"template":"","format":"standard","meta":{"spay_email":""},"categories":[1],"tags":[],"jetpack_featured_media_url":"","_links":{"self":[{"href":"https:\/\/icinola.fr\/index.php\/wp-json\/wp\/v2\/posts\/390"}],"collection":[{"href":"https:\/\/icinola.fr\/index.php\/wp-json\/wp\/v2\/posts"}],"about":[{"href":"https:\/\/icinola.fr\/index.php\/wp-json\/wp\/v2\/types\/post"}],"author":[{"embeddable":true,"href":"https:\/\/icinola.fr\/index.php\/wp-json\/wp\/v2\/users\/2"}],"replies":[{"embeddable":true,"href":"https:\/\/icinola.fr\/index.php\/wp-json\/wp\/v2\/comments?post=390"}],"version-history":[{"count":1,"href":"https:\/\/icinola.fr\/index.php\/wp-json\/wp\/v2\/posts\/390\/revisions"}],"predecessor-version":[{"id":391,"href":"https:\/\/icinola.fr\/index.php\/wp-json\/wp\/v2\/posts\/390\/revisions\/391"}],"wp:attachment":[{"href":"https:\/\/icinola.fr\/index.php\/wp-json\/wp\/v2\/media?parent=390"}],"wp:term":[{"taxonomy":"category","embeddable":true,"href":"https:\/\/icinola.fr\/index.php\/wp-json\/wp\/v2\/categories?post=390"},{"taxonomy":"post_tag","embeddable":true,"href":"https:\/\/icinola.fr\/index.php\/wp-json\/wp\/v2\/tags?post=390"}],"curies":[{"name":"wp","href":"https:\/\/api.w.org\/{rel}","templated":true}]}}