{"id":352,"date":"2022-08-16T21:09:27","date_gmt":"2022-08-17T02:09:27","guid":{"rendered":"https:\/\/icinola.fr\/?p=352"},"modified":"2023-09-29T11:20:24","modified_gmt":"2023-09-29T16:20:24","slug":"granny","status":"publish","type":"post","link":"https:\/\/icinola.fr\/index.php\/2022\/08\/16\/granny\/","title":{"rendered":"Granny"},"content":{"rendered":"\n<p>La derni\u00e8re fois que j\u2019ai \u00e9crit ici je m\u2019appr\u00eatais \u00e0 retrouver ma famille pour aller f\u00eater No\u00ebl, et je suis cette fois-ci \u00e0 la veille de prendre l\u2019avion et de passer de nouveau du temps en famille, pour des raisons bien diff\u00e9rentes : ma grand-m\u00e8re paternelle est d\u00e9c\u00e9d\u00e9e.<\/p>\n\n\n\n<figure class=\"wp-block-image size-large is-style-default\"><img loading=\"lazy\" width=\"1024\" height=\"768\" src=\"https:\/\/icinola.fr\/wp-content\/uploads\/2022\/08\/img_5152-1024x768.jpg\" alt=\"\" class=\"wp-image-351\" srcset=\"https:\/\/icinola.fr\/wp-content\/uploads\/2022\/08\/img_5152-1024x768.jpg 1024w, https:\/\/icinola.fr\/wp-content\/uploads\/2022\/08\/img_5152-300x225.jpg 300w, https:\/\/icinola.fr\/wp-content\/uploads\/2022\/08\/img_5152-768x576.jpg 768w, https:\/\/icinola.fr\/wp-content\/uploads\/2022\/08\/img_5152-1536x1152.jpg 1536w, https:\/\/icinola.fr\/wp-content\/uploads\/2022\/08\/img_5152-2048x1536.jpg 2048w, https:\/\/icinola.fr\/wp-content\/uploads\/2022\/08\/img_5152-1568x1176.jpg 1568w\" sizes=\"(max-width: 1024px) 100vw, 1024px\" \/><\/figure>\n\n\n\n<p>Cette photo date d\u2019Ao\u00fbt 2008, sur la plage de Kersident. Mon grand-p\u00e8re \u00e9tait parti en Janvier et ma grand-mere (\u00e0 gauche) \u00e9tait malgr\u00e9 tout all\u00e9e en vacances dans le Finist\u00e8re, en compagnie de sa s\u0153ur (\u00e0 droite, tenant le journal).<\/p>\n\n\n\n<p>Je ne sais pas exactement pourquoi je m\u2019\u00e9tais d\u00e9cid\u00e9 \u00e0 les accompagner, ni comment j\u2019avais convaincu mon colocataire Victor de se joindre \u00e0 nous, mais nous avions pass\u00e9 quelques jours tous ensemble \u00e0 Tr\u00e9hubert, r\u00e9alisant pendant le s\u00e9jour qu\u2019\u00e0 nous quatre nous totalisions 200 ans.<\/p>\n\n\n\n<p>Ce souvenir est le dernier \u00ab vrai \u00bb souvenir que j\u2019ai d\u2019elle \u00e0 l\u2019\u00e2ge adulte. La plupart des autres m\u00e9moires sont soit des moments de l\u2019enfance, ou alors bien plus tard des repas de familles auxquels elle assistait en silence, ou les rares visites en maison de retraite puis en EHPAD.<\/p>\n\n\n\n<p>D\u2019une certaine fa\u00e7on Annette et Christiane sont pour moi deux \u00e9nigmes, tout autant que leur s\u0153ur Suzanne. J\u2019avais \u00e9crit il y a quelques ann\u00e9es un brouillon de nouvelle racontant chacune de leurs histoires, sans vraiment r\u00e9aliser alors que faute de les conna\u00eetre je m\u2019\u00e9tais r\u00e9solu \u00e0 les imaginer.<\/p>\n\n\n\n<p>L\u2019histoire racontait comment le d\u00e9c\u00e8s pr\u00e9matur\u00e9 d\u2019une de ses grande-tantes avait rapproch\u00e9 le narrateur de sa grand-m\u00e8re, et leurs conversations devenaient autant une exploration de la vie de ces femmes qu\u2019une grille de lecture initiatique le guidant dans ses propres choix.<\/p>\n\n\n\n<p>Mes grand-tantes sont d\u00e9c\u00e9d\u00e9es et je n\u2019ai pas pris le temps de me rapprocher de ma grand-m\u00e8re. L\u2019histoire pr\u00e9tendait \u00eatre \u00e0 propos d\u2019elles alors qu\u2019elle \u00e9tait \u00e0 propos de moi, et je n\u2019ai pourtant pas su appliquer la le\u00e7on tir\u00e9e par le narrateur \u00e0 ma propre histoire.<\/p>\n\n\n\n<p>Il y a deux choses cependant que ne fais pas trop mal : j\u2019ai une tr\u00e8s bonne m\u00e9moire de tout ce que j\u2019\u00e9cris, et j\u2019archive ce que je produis. La preuve en un tweet de 2008 :<\/p>\n\n\n\n<figure class=\"wp-block-image size-large\"><img loading=\"lazy\" width=\"300\" height=\"42\" src=\"https:\/\/icinola.fr\/wp-content\/uploads\/2022\/08\/ec55c90c-4f9f-4154-baf8-eef85fb214e3-300x42.jpg\" alt=\"\" class=\"wp-image-350\" srcset=\"https:\/\/icinola.fr\/wp-content\/uploads\/2022\/08\/ec55c90c-4f9f-4154-baf8-eef85fb214e3-300x42.jpg 300w, https:\/\/icinola.fr\/wp-content\/uploads\/2022\/08\/ec55c90c-4f9f-4154-baf8-eef85fb214e3.jpg 540w\" sizes=\"(max-width: 300px) 100vw, 300px\" \/><\/figure>\n\n\n\n<p><\/p>\n","protected":false},"excerpt":{"rendered":"<p>La derni\u00e8re fois que j\u2019ai \u00e9crit ici je m\u2019appr\u00eatais \u00e0 retrouver ma famille pour aller f\u00eater No\u00ebl, et je suis cette fois-ci \u00e0 la veille de prendre l\u2019avion et de passer de nouveau du temps en famille, pour des raisons bien diff\u00e9rentes : ma grand-m\u00e8re paternelle est d\u00e9c\u00e9d\u00e9e. Cette photo date d\u2019Ao\u00fbt 2008, sur la [&hellip;]<\/p>\n","protected":false},"author":2,"featured_media":0,"comment_status":"open","ping_status":"open","sticky":false,"template":"","format":"standard","meta":{"spay_email":""},"categories":[1],"tags":[],"jetpack_featured_media_url":"","_links":{"self":[{"href":"https:\/\/icinola.fr\/index.php\/wp-json\/wp\/v2\/posts\/352"}],"collection":[{"href":"https:\/\/icinola.fr\/index.php\/wp-json\/wp\/v2\/posts"}],"about":[{"href":"https:\/\/icinola.fr\/index.php\/wp-json\/wp\/v2\/types\/post"}],"author":[{"embeddable":true,"href":"https:\/\/icinola.fr\/index.php\/wp-json\/wp\/v2\/users\/2"}],"replies":[{"embeddable":true,"href":"https:\/\/icinola.fr\/index.php\/wp-json\/wp\/v2\/comments?post=352"}],"version-history":[{"count":4,"href":"https:\/\/icinola.fr\/index.php\/wp-json\/wp\/v2\/posts\/352\/revisions"}],"predecessor-version":[{"id":415,"href":"https:\/\/icinola.fr\/index.php\/wp-json\/wp\/v2\/posts\/352\/revisions\/415"}],"wp:attachment":[{"href":"https:\/\/icinola.fr\/index.php\/wp-json\/wp\/v2\/media?parent=352"}],"wp:term":[{"taxonomy":"category","embeddable":true,"href":"https:\/\/icinola.fr\/index.php\/wp-json\/wp\/v2\/categories?post=352"},{"taxonomy":"post_tag","embeddable":true,"href":"https:\/\/icinola.fr\/index.php\/wp-json\/wp\/v2\/tags?post=352"}],"curies":[{"name":"wp","href":"https:\/\/api.w.org\/{rel}","templated":true}]}}