{"id":287,"date":"2021-01-18T16:40:00","date_gmt":"2021-01-18T22:40:00","guid":{"rendered":"http:\/\/icinola.fr\/?p=287"},"modified":"2021-01-20T17:33:13","modified_gmt":"2021-01-20T23:33:13","slug":"mlk-day","status":"publish","type":"post","link":"https:\/\/icinola.fr\/index.php\/2021\/01\/18\/mlk-day\/","title":{"rendered":"MLK Day"},"content":{"rendered":"\n<p>Plusieurs personnes m&rsquo;ont demand\u00e9 quelle \u00e9tait ma perception de la diversit\u00e9 ethnique \u00e0 la Nouvelle Orl\u00e9ans et je suis \u00e0 chaque fois oblig\u00e9 de faire le triste constat suivant : \u00e0 l&rsquo;exception d&rsquo;un hipster de mon groupe de pignon fixe du mercredi (qui se plaint d&rsquo;\u00eatre trop souvent \u00ab\u00a0le noir de service\u00a0\u00bb d\u00e8s qu&rsquo;il est dans un groupe de blancs), la plupart des personnes de couleur que je vois sont pauvres, de l&rsquo;autre c\u00f4t\u00e9 du comptoir devant lequel je me trouve ou en train de s&rsquo;occuper des parties communes et de la piscine de notre r\u00e9sidence.<\/p>\n\n\n\n<p>Je reconnais volontiers que je suis assez peu cultiv\u00e9 sur le sujet du racisme, tout en ayant une image assez progressiste de moi m\u00eame. Bien s\u00fbr, si ce qui d\u00e9finit un raciste est d&rsquo;\u00eatre une personne se comportement intentionnellement mal envers un groupe donn\u00e9, je ne le suis pas! Bien s\u00fbr que je connais l&rsquo;histoire de la ville o\u00f9 j&rsquo;ai grandi et qui a prosp\u00e9r\u00e9 gr\u00e2ce \u00e0 la traite des noirs, appel\u00e9e pudiquement \u00ab\u00a0commerce triangulaire\u00a0\u00bb, mais je n&rsquo;ai \u00e9videmment pas plus de responsabilit\u00e9 individuelle dans ces \u00e9v\u00e9nements datant d&rsquo;il y a 500 ans que dans le \u00ab\u00a0racisme institutionnel\u00a0\u00bb actuel.<\/p>\n\n\n\n<p>Je sais expliquer que 99,9% de mes interactions sociales pendant 35 ans ont \u00e9t\u00e9 avec des blancs : la plupart des milieux dans lesquels j&rsquo;ai \u00e9volu\u00e9 l&rsquo;\u00e9taient. J&rsquo;ai bien conscience qu&rsquo;\u00eatre blanc, s&rsquo;appeler Pierre et \u00eatre bien propre sur moi m&rsquo;ont par le pass\u00e9 b\u00e9n\u00e9fici\u00e9 (sauf pour entrer en boite de nuit, parce que j&rsquo;ai longtemps eu l&rsquo;air plus jeune que mon \u00e2ge). <\/p>\n\n\n\n<p>Alors je fais quoi avec tout \u00e7a ?<\/p>\n\n\n\n<p>Pour le moment, je lis.<\/p>\n\n\n\n<p>J&rsquo;ai fini la semaine pass\u00e9e \u00ab\u00a0How to be an antiracist\u00a0\u00bb et ai d\u00e9j\u00e0 d\u00e9vor\u00e9 la moiti\u00e9 de \u00ab\u00a0White fragility\u00a0\u00bb. J&rsquo;essaie de comprendre un peu mieux ces sujets, de situer mon r\u00f4le dans ces dynamiques. J&rsquo;essaie de comprendre \u00ab\u00a0Black Lives Matter\u00a0\u00bb, les combats pour les droits civiques et ce qui est sp\u00e9cifique aux USA. J&rsquo;essaie de comprendre leur fa\u00e7on de penser, de militer, et d&rsquo;imaginer ce qui peut se traduire ou pas dans notre contexte fran\u00e7ais, bien diff\u00e9rent.<\/p>\n\n\n\n<p>Je bute pour le moment \u00e0 comprendre les dynamiques qui rel\u00e8vent du groupe (c&rsquo;est le propre de la sociologie d&rsquo;attribuer des caract\u00e9ristiques \u00e0 des groupes bien d\u00e9termin\u00e9s) et ce qui rel\u00e8ve de l&rsquo;individu (un des auteurs mentionne qu&rsquo;une personne n&rsquo;est jamais \u00ab\u00a0responsable\u00a0\u00bb individuellement de l&rsquo;image du groupe auquel elle appartient). Comment d\u00e9crire des probl\u00e8mes et comportements syst\u00e9miques sans mettre les gens dans des cases ? Comment ne pas faire basculer la conversation au niveau de l&rsquo;individu pour r\u00e9futer le moindre argument qui nous d\u00e9pla\u00eet ?  <\/p>\n\n\n\n<p>Ce dont je me r\u00e9jouis d\u00e9j\u00e0 dans ces lectures est de voir autant de ponts avec d&rsquo;autres luttes et d&rsquo;autres sujets. J&rsquo;ai parfois l&rsquo;impression que le communautarisme \u00e0 l&rsquo;am\u00e9ricaine divise plus qu&rsquo;il n&rsquo;unit, mais je comprends peu \u00e0 peu qu&rsquo;il est aussi possible de faire le mouvement inverse et de chercher dans chaque \u00ab\u00a0cause\u00a0\u00bb ce qui nous rassemble. Qu&rsquo;il s&rsquo;agisse de n&rsquo;importe quelle minorit\u00e9, de sexisme, de capitalisme ou de lutte pour l&rsquo;environnement, il existe entre ces groupes un nombre incroyable de porosit\u00e9s.<\/p>\n\n\n\n<p>J&rsquo;avais assist\u00e9 \u00e0 une conf\u00e9rence sur l&rsquo;\u00e9co-f\u00e9minisme, dans laquelle l&rsquo;orateur (homme!) expliquait ce qu&rsquo;apportait \u00e0 la lutte pour l&rsquo;environnement les approches f\u00e9ministes, dans la fa\u00e7on d&rsquo;agir et de manifester. Un groupe de militantes lesbiennes pour l&rsquo;environnement avait expliqu\u00e9 qu&rsquo;elles avaient senti le besoin de se rassembler parce qu&rsquo;elles n&rsquo;\u00e9taient pas \u00e0 l&rsquo;aise au milieu de vieux syndicalistes m\u00e2les aux m\u00e9thodes pas tr\u00e8s fines. <\/p>\n\n\n\n<p>Je r\u00eave que ce genre de groupes n&rsquo;existent plus parce que chacun reconna\u00eetra ses propres combats dans ceux du voisin. Je r\u00eave surtout qu&rsquo;on r\u00e9fl\u00e9chisse \u00e0 ce \u00ab\u00a0pour\u00a0\u00bb quoi on lutte plut\u00f4t que de sans cesse se battre \u00ab\u00a0contre\u00a0\u00bb, parce qu&rsquo;il faudra bien qu&rsquo;il nous reste des id\u00e9aux et une raison de vivre quand on aura renvers\u00e9 le capitalisme.<\/p>\n\n\n\n<p>Je sais, je r\u00eave les yeux grands ouverts. C&rsquo;est sans doute l&rsquo;effet du Martin Luther King Day.<\/p>\n","protected":false},"excerpt":{"rendered":"<p>Plusieurs personnes m&rsquo;ont demand\u00e9 quelle \u00e9tait ma perception de la diversit\u00e9 ethnique \u00e0 la Nouvelle Orl\u00e9ans et je suis \u00e0 chaque fois oblig\u00e9 de faire le triste constat suivant : \u00e0 l&rsquo;exception d&rsquo;un hipster de mon groupe de pignon fixe du mercredi (qui se plaint d&rsquo;\u00eatre trop souvent \u00ab\u00a0le noir de service\u00a0\u00bb d\u00e8s qu&rsquo;il est [&hellip;]<\/p>\n","protected":false},"author":2,"featured_media":0,"comment_status":"open","ping_status":"open","sticky":false,"template":"","format":"standard","meta":{"spay_email":""},"categories":[1],"tags":[],"jetpack_featured_media_url":"","_links":{"self":[{"href":"https:\/\/icinola.fr\/index.php\/wp-json\/wp\/v2\/posts\/287"}],"collection":[{"href":"https:\/\/icinola.fr\/index.php\/wp-json\/wp\/v2\/posts"}],"about":[{"href":"https:\/\/icinola.fr\/index.php\/wp-json\/wp\/v2\/types\/post"}],"author":[{"embeddable":true,"href":"https:\/\/icinola.fr\/index.php\/wp-json\/wp\/v2\/users\/2"}],"replies":[{"embeddable":true,"href":"https:\/\/icinola.fr\/index.php\/wp-json\/wp\/v2\/comments?post=287"}],"version-history":[{"count":2,"href":"https:\/\/icinola.fr\/index.php\/wp-json\/wp\/v2\/posts\/287\/revisions"}],"predecessor-version":[{"id":289,"href":"https:\/\/icinola.fr\/index.php\/wp-json\/wp\/v2\/posts\/287\/revisions\/289"}],"wp:attachment":[{"href":"https:\/\/icinola.fr\/index.php\/wp-json\/wp\/v2\/media?parent=287"}],"wp:term":[{"taxonomy":"category","embeddable":true,"href":"https:\/\/icinola.fr\/index.php\/wp-json\/wp\/v2\/categories?post=287"},{"taxonomy":"post_tag","embeddable":true,"href":"https:\/\/icinola.fr\/index.php\/wp-json\/wp\/v2\/tags?post=287"}],"curies":[{"name":"wp","href":"https:\/\/api.w.org\/{rel}","templated":true}]}}