{"id":201,"date":"2020-11-29T12:26:11","date_gmt":"2020-11-29T18:26:11","guid":{"rendered":"http:\/\/icinola.fr\/?p=201"},"modified":"2020-11-29T12:26:11","modified_gmt":"2020-11-29T18:26:11","slug":"culture","status":"publish","type":"post","link":"https:\/\/icinola.fr\/index.php\/2020\/11\/29\/culture\/","title":{"rendered":"Culture"},"content":{"rendered":"\n<p>Dans la pr\u00e9face de \u00ab\u00a0Histoire des \u00c9tats-Unis : De 1942 \u00e0 nos jours\u00a0\u00bb Bertrand Van Ruymbeke identifie <em>\u00ab\u00a0l&rsquo;espace, la croissance, la diversit\u00e9, l&rsquo;inventivit\u00e9 et la violence\u00a0\u00bb<\/em> comme <em>\u00ab\u00a0socle de traits fondamentaux de l&rsquo;histoire, de la g\u00e9ographie et de la culture des \u00c9tats-Unis\u00a0\u00bb<\/em>.<\/p>\n\n\n\n<p>Dans une r\u00e9cente <a href=\"https:\/\/www.franceinter.fr\/emissions\/le-monde-d-apres\/le-monde-d-apres-24-novembre-2020\">chronique sur France Inter<\/a> le 24 Novembre \u00e0 propos de la Covid19, Jean-Marc Four met en avant le contraste entre les gestions fran\u00e7aise (monarchique) et allemande (d\u00e9mocratique) de l&rsquo;\u00e9pid\u00e9mie.<\/p>\n\n\n\n<p>J&rsquo;avais \u00e9crit dans mon rapport Erasmus <em>\u00ab\u00a0La vie quotidienne viennoise ressemble fortement \u00e0 celle que l\u2019on a en France et nos rep\u00e8res d\u2019occidentaux ne se retrouvent pas compl\u00e8tement perturb\u00e9s.\u00a0\u00bb<\/em>. Jusqu&rsquo;ici j&rsquo;ai en effet toujours consid\u00e9r\u00e9 les variantes locales que je constatais comme une accumulation de d\u00e9tails, passant \u00e0 c\u00f4t\u00e9 d&rsquo;une vision plus globale, ne faisant pas de r\u00e9elle diff\u00e9rence entre Paris, Vienne et New Orleans, parce qu&rsquo;entre Nantes, Strasbourg ou Lyon je constatais d\u00e9j\u00e0 le m\u00eame type de variations : on ne s&rsquo;habille pas exactement pareil, on ne bois\/mange pas la m\u00eame chose ni \u00e0 la m\u00eame heure, les enseignes et leur heures d&rsquo;ouverture sont diff\u00e9rentes, les gens sont plus ou moins ouverts ou accueillants, les festivals, bars, animations sont aussi propres \u00e0 chaque ville.<\/p>\n\n\n\n<p>Comme si tant que mes \u00ab\u00a0rep\u00e8res d&rsquo;occidentaux\u00a0\u00bb n&rsquo;\u00e9taient pas compl\u00e8tement perturb\u00e9s, j&rsquo;\u00e9tais incapable de voir les nuances plus subtiles mais profondes ou une image d&rsquo;ensemble en dehors des clich\u00e9s. Comme si la diff\u00e9rence ne commen\u00e7ait qu&rsquo;avec le d\u00e9paysement et l&rsquo;inconnu, en dehors de l&rsquo; \u00ab\u00a0occident\u00a0\u00bb ou d\u00e8s que je ne parle pas la langue.<\/p>\n\n\n\n<p>Ici j&rsquo;ai d\u00e9j\u00e0 constat\u00e9 ne pas compl\u00e8tement cerner certains pans de la culture am\u00e9ricaine (le patriotisme qui semble caricatural, la mise en avant de la \u00ab\u00a0r\u00e9ussite\u00a0\u00bb sur la base de crit\u00e8res douteux, le paradoxe entre rejet du \u00ab\u00a0socialisme\u00a0\u00bb et l&rsquo;injonction permanente \u00e0 participer \u00e0 des lev\u00e9es de fonds). Je connais aussi certains traits suppos\u00e9s de nous autres fran\u00e7ais et europ\u00e9ens (sales, romantiques, contestataires). Puisque nous allons rester ici quelques temps pour y vivre et y travailler, j&rsquo;ai envie de profiter de cette exp\u00e9rience d&rsquo;expatri\u00e9 pour mieux comprendre certains de ces \u00ab\u00a0traits fondamentaux\u00a0\u00bb am\u00e9ricains, et peut \u00eatre en miroir comprendre aussi ce qui fait de nous des <em>frenchies<\/em>. <\/p>\n","protected":false},"excerpt":{"rendered":"<p>Dans la pr\u00e9face de \u00ab\u00a0Histoire des \u00c9tats-Unis : De 1942 \u00e0 nos jours\u00a0\u00bb Bertrand Van Ruymbeke identifie \u00ab\u00a0l&rsquo;espace, la croissance, la diversit\u00e9, l&rsquo;inventivit\u00e9 et la violence\u00a0\u00bb comme \u00ab\u00a0socle de traits fondamentaux de l&rsquo;histoire, de la g\u00e9ographie et de la culture des \u00c9tats-Unis\u00a0\u00bb. Dans une r\u00e9cente chronique sur France Inter le 24 Novembre \u00e0 propos de [&hellip;]<\/p>\n","protected":false},"author":2,"featured_media":0,"comment_status":"open","ping_status":"open","sticky":false,"template":"","format":"standard","meta":{"spay_email":""},"categories":[1],"tags":[],"jetpack_featured_media_url":"","_links":{"self":[{"href":"https:\/\/icinola.fr\/index.php\/wp-json\/wp\/v2\/posts\/201"}],"collection":[{"href":"https:\/\/icinola.fr\/index.php\/wp-json\/wp\/v2\/posts"}],"about":[{"href":"https:\/\/icinola.fr\/index.php\/wp-json\/wp\/v2\/types\/post"}],"author":[{"embeddable":true,"href":"https:\/\/icinola.fr\/index.php\/wp-json\/wp\/v2\/users\/2"}],"replies":[{"embeddable":true,"href":"https:\/\/icinola.fr\/index.php\/wp-json\/wp\/v2\/comments?post=201"}],"version-history":[{"count":1,"href":"https:\/\/icinola.fr\/index.php\/wp-json\/wp\/v2\/posts\/201\/revisions"}],"predecessor-version":[{"id":202,"href":"https:\/\/icinola.fr\/index.php\/wp-json\/wp\/v2\/posts\/201\/revisions\/202"}],"wp:attachment":[{"href":"https:\/\/icinola.fr\/index.php\/wp-json\/wp\/v2\/media?parent=201"}],"wp:term":[{"taxonomy":"category","embeddable":true,"href":"https:\/\/icinola.fr\/index.php\/wp-json\/wp\/v2\/categories?post=201"},{"taxonomy":"post_tag","embeddable":true,"href":"https:\/\/icinola.fr\/index.php\/wp-json\/wp\/v2\/tags?post=201"}],"curies":[{"name":"wp","href":"https:\/\/api.w.org\/{rel}","templated":true}]}}